{"id":23151,"date":"2026-09-02T03:00:56","date_gmt":"2026-09-02T06:00:56","guid":{"rendered":"https:\/\/editorapangeia.com.br\/?p=23151"},"modified":"2026-09-04T04:08:12","modified_gmt":"2026-09-04T07:08:12","slug":"liev-rodrigues-fala-das-ilustracoes-de-amado-gato","status":"publish","type":"post","link":"https:\/\/editorapangeia.com.br\/pt_br\/liev-rodrigues-fala-das-ilustracoes-de-amado-gato\/","title":{"rendered":"Liev Rodrigues fala das ilustra\u00e7\u00f5es de &#8220;Amado Gato&#8221;"},"content":{"rendered":"<p><em><strong>Amado Gato<\/strong><\/em>, livro infantojuvenil de Rauer com ilustra\u00e7\u00f5es de Liev Rodrigues e diagrama\u00e7\u00e3o da designer Lily Momisso, pedagoga pela Unicamp, est\u00e1 em pr\u00e9-venda, <span style=\"text-decoration: underline; color: #ff6600;\"><a style=\"color: #ff6600; text-decoration: underline;\" href=\"https:\/\/editorapangeia.com.br\/pt_br\/event\/de-rauer-amado-gato\/\"><strong>AQUI<\/strong><\/a><\/span>. O livro, em formato 21x28cms, cont\u00e9m ilustra\u00e7\u00f5es em todas as suas 20 p\u00e1ginas e traz ainda entrevistas com Rauer e com Liev e resenhas de <a href=\"https:\/\/editorapangeia.com.br\/pt_br\/?s=Jacke+PP\"><span style=\"text-decoration: underline;\"><span style=\"color: #ff00ff; text-decoration: underline;\"><strong>Jacke PP<\/strong><\/span><\/span><\/a>, autora com dois livros publicados (um dos quais, no selo de literatura para crian\u00e7as da Pangeia, as Edi\u00e7\u00f5es Saru\u00ea, tamb\u00e9m com ilustra\u00e7\u00f5es do Liev), e de Ma\u00edsa Cristina Santos, doutora em estudos liter\u00e1rios que atualmente faz est\u00e1gio p\u00f3s-doutoral em educa\u00e7\u00e3o na Unicamp. Veja mais informa\u00e7\u00f5es e uma resenha de Max Mesquita sobre o livro clicando <a href=\"https:\/\/editorapangeia.com.br\/pt_br\/?s=Amado+Gato\"><span style=\"color: #008080;\"><strong><span style=\"text-decoration: underline;\">AQUI<\/span><\/strong><\/span><\/a>.<\/p>\n<p>O\u00a0<em><strong>Blog da Pangeia &#8211; ISSN 3085-8453 &#8211;<\/strong><\/em> fez as entrevistas com Rauer e com Liev que constam no livro e antecipa aqui a entrevista concedida por Liev com dois dos diversos estudos que ele realizou para construir a linguagem visual do <em><strong>Amado Gato<\/strong><\/em>.<\/p>\n<p style=\"padding-left: 40px;\"><strong>Liev<\/strong> \u00e9 um ilustrador \u201c100% tradicional\u201d, o que significa que ele gosta de l\u00e1pis de cor, de grafite, de giz de cera comum e a \u00f3leo, de guache, aquarela, tinta a \u00f3leo, de pinceis, telas, papeis, de paleta de tinta e de cavaletes. Utiliza tamb\u00e9m mesa digital e programas de computador para digitalizar, fazer o enquadramento na diagrama\u00e7\u00e3o dos livros e fechar arquivos para envio. Ali\u00e1s, adora desenhar as colegas e os amigos para os presentear com sua arte. As capas que t\u00eam feito para a Pangeia v\u00eam colhendo elogios calorosos; mencionamos tr\u00eas das mais recentes: <span style=\"text-decoration: underline;\"><a href=\"https:\/\/editorapangeia.com.br\/pt_br\/product\/paulo-freire-unidade-diversidade-dialogicidade-orgs-camila-lima-coimbra-nima-spigolon\/\"><strong><em>Paulo Freire: unidade, diversidade, dialogicidade<\/em><\/strong><\/a><\/span>, um livro acad\u00eamico, e <a href=\"https:\/\/editorapangeia.com.br\/pt_br\/product\/poe-esta-aqui-rauer-org-2\/\"><span style=\"text-decoration: underline; color: #0000ff;\"><strong><em>Poe est\u00e1 aqui<\/em><\/strong><\/span><\/a>, livro liter\u00e1rio do selo Dionysius, para o qual, al\u00e9m da capa, fez ilustra\u00e7\u00f5es internas, inclusive com os rostos das autoras e dos autores presentes no livro, e a arte que est\u00e1 na capa do livro <a href=\"https:\/\/editorapangeia.com.br\/pt_br\/?s=Garrit\"><span style=\"text-decoration: underline; color: #008000;\"><em><strong>Ilus\u00e3o Coletiva: Psican\u00e1lise, Massas digitais e ciberpopulismo<\/strong><\/em><\/span><\/a>, de Marcio Garrit.<\/p>\n<p style=\"padding-left: 40px;\">Liev cursa Artes Visuais na UFJF e est\u00e1 no Instagram no perfil @liev_ilustrador; pequena amostra de sua arte est\u00e1 em &lt;\u00a0<span style=\"color: #993300;\"><strong><span style=\"text-decoration: underline;\"><a style=\"color: #993300; text-decoration: underline;\" href=\"https:\/\/lievilustrador.myportfolio.com\/\">https:\/\/lievilustrador.myportfolio.com\/<\/a>\u00a0<\/span><\/strong><\/span>&gt;.<\/p>\n<p style=\"padding-left: 40px;\">Nessa entrevista, ele nos fala das artes para o <strong><em>Amado Gato<\/em><\/strong> e de sua conviv\u00eancia com animais dom\u00e9sticos.<\/p>\n<p><strong>Liev: <\/strong>J\u00e1 tive v\u00e1rios bichinhos dom\u00e9sticos, a maioria c\u00e3es, mas, agora, tenho duas gatinhas em casa. Tive meu primeiro gato em 2022, uma gatinha recolhida na rua, uma f\u00eamea de siam\u00eas. A ideia de a levar para casa foi do meu irm\u00e3o, que ficou com ela escondida no quarto por dois dias sem minha m\u00e3e saber. Quando nos demos conta, est\u00e1vamos os tr\u00eas apaixonados por ela.<\/p>\n<p><strong>Nos conte um pouco mais dos seus bichinhos&#8230;<\/strong><\/p>\n<p><strong>Liev<\/strong>: Tive tr\u00eas cachorrinhos. O primeiro se chamava Kratos, era um labrador marrom que eu fazia de cavalo o dia inteiro. A segunda se chamava Lira, era uma Lhasa muito atenciosa e carinhosa. A \u00faltima ainda est\u00e1 conosco, ela se chama Luna, \u00e9 uma vira-lata pretinha gostosa e muito carente. As minhas \u00fanicas gatas s\u00e3o a Bela e a Lili; trazidas por meu irm\u00e3o, tomaram lugar na fam\u00edlia. S\u00e3o muito fofas. A Bela \u00e9 mais fechada, j\u00e1 a Lili \u00e9 super dengosa, n\u00e3o sai de perto da gente e sempre pede carinho.<\/p>\n<p><strong>Fale das t\u00e9cnicas de desenho que utilizou para criar as ilustra\u00e7\u00f5es e a capa desse <em>Amado Gato<\/em><\/strong>.<\/p>\n<p><strong>Liev<\/strong>: Foi muito agrad\u00e1vel fazer essas ilustra\u00e7\u00f5es. Tinha, simultaneamente, v\u00e1rias outras coisas para fazer, estava em mudan\u00e7a, ingressando na universidade, mas gostei muito do resultado. As t\u00e9cnicas que usei foram grafite, l\u00e1pis de cor, nanquim, carv\u00e3o e aquarela. Quase sempre mesclo diversas t\u00e9cnicas, para obter os muitos efeitos que a arte liter\u00e1ria sugere. A capa, mais especificamente, foi de nanquim com aquarela concentrada. S\u00e3o t\u00e9cnicas com as quais j\u00e1 trabalho h\u00e1 um bom tempo e, no <strong><em>Amado Gato<\/em><\/strong>, busquei trazer algo tamb\u00e9m do que conhe\u00e7o da conviv\u00eancia e da liberdade das minhas duas gatinhas, a Bela e a Lili.<\/p>\n<blockquote>\n<p style=\"text-align: center;\"><strong>Adquira o\u00a0<em>Amado Gato<br \/>\n<\/em><a href=\"https:\/\/editorapangeia.com.br\/pt_br\/product\/amado-gato-rauer\/\"><span style=\"text-decoration: underline; color: #800080;\">AQUI !!!<\/span><\/a><\/strong><\/p>\n<p style=\"text-align: center;\"><img loading=\"lazy\" decoding=\"async\" class=\"alignnone  wp-image-23158\" src=\"http:\/\/editorapangeia.com.br\/wp-content\/uploads\/2026\/09\/Gato_Capa_em_construcao-178x300.webp\" alt=\"\" width=\"424\" height=\"715\" srcset=\"https:\/\/editorapangeia.com.br\/wp-content\/uploads\/2026\/09\/Gato_Capa_em_construcao-178x300.webp 178w, https:\/\/editorapangeia.com.br\/wp-content\/uploads\/2026\/09\/Gato_Capa_em_construcao-607x1024.webp 607w, https:\/\/editorapangeia.com.br\/wp-content\/uploads\/2026\/09\/Gato_Capa_em_construcao-768x1295.webp 768w, https:\/\/editorapangeia.com.br\/wp-content\/uploads\/2026\/09\/Gato_Capa_em_construcao-7x12.webp 7w, https:\/\/editorapangeia.com.br\/wp-content\/uploads\/2026\/09\/Gato_Capa_em_construcao-700x1180.webp 700w, https:\/\/editorapangeia.com.br\/wp-content\/uploads\/2026\/09\/Gato_Capa_em_construcao-237x400.webp 237w, https:\/\/editorapangeia.com.br\/wp-content\/uploads\/2026\/09\/Gato_Capa_em_construcao-415x700.webp 415w, https:\/\/editorapangeia.com.br\/wp-content\/uploads\/2026\/09\/Gato_Capa_em_construcao-771x1300.webp 771w, https:\/\/editorapangeia.com.br\/wp-content\/uploads\/2026\/09\/Gato_Capa_em_construcao.webp 888w\" sizes=\"auto, (max-width: 424px) 100vw, 424px\" \/><\/p>\n<\/blockquote>\n<p style=\"text-align: center;\"><img loading=\"lazy\" decoding=\"async\" class=\"alignnone  wp-image-23157\" src=\"http:\/\/editorapangeia.com.br\/wp-content\/uploads\/2026\/09\/Selo-225x300.webp\" alt=\"\" width=\"429\" height=\"572\" srcset=\"https:\/\/editorapangeia.com.br\/wp-content\/uploads\/2026\/09\/Selo-225x300.webp 225w, https:\/\/editorapangeia.com.br\/wp-content\/uploads\/2026\/09\/Selo-768x1024.webp 768w, https:\/\/editorapangeia.com.br\/wp-content\/uploads\/2026\/09\/Selo-9x12.webp 9w, https:\/\/editorapangeia.com.br\/wp-content\/uploads\/2026\/09\/Selo-700x933.webp 700w, https:\/\/editorapangeia.com.br\/wp-content\/uploads\/2026\/09\/Selo-300x400.webp 300w, https:\/\/editorapangeia.com.br\/wp-content\/uploads\/2026\/09\/Selo-525x700.webp 525w, https:\/\/editorapangeia.com.br\/wp-content\/uploads\/2026\/09\/Selo-975x1300.webp 975w, https:\/\/editorapangeia.com.br\/wp-content\/uploads\/2026\/09\/Selo.webp 1086w\" sizes=\"auto, (max-width: 429px) 100vw, 429px\" \/><\/p>\n<blockquote>\n<p style=\"text-align: center;\"><strong>CONHE\u00c7A MAIS O LIEV:<\/strong><br \/>\n<a href=\"https:\/\/editorapangeia.com.br\/pt_br\/?s=Liev\"><span style=\"text-decoration: underline; color: #ff0000;\"><strong>CLIQUE AQUI !!!<\/strong><\/span><\/a><\/p>\n<\/blockquote>\n","protected":false},"excerpt":{"rendered":"<p>Amado Gato, livro infantojuvenil de Rauer com ilustra\u00e7\u00f5es de Liev Rodrigues e diagrama\u00e7\u00e3o da designer Lily Momisso, pedagoga pela Unicamp, est\u00e1 em pr\u00e9-venda, AQUI. O livro, em formato 21x28cms, cont\u00e9m ilustra\u00e7\u00f5es em todas as suas 20 p\u00e1ginas e traz ainda entrevistas com Rauer e com Liev e resenhas de Jacke PP, autora com dois livros&#8230;<\/p>\n","protected":false},"author":592,"featured_media":22511,"comment_status":"open","ping_status":"open","sticky":false,"template":"","format":"standard","meta":{"footnotes":""},"categories":[1259,278],"tags":[5330,5523,3747,1307,245,246,57,5703,49,580,5086,282,179],"class_list":["post-23151","post","type-post","status-publish","format-standard","has-post-thumbnail","hentry","category-dia-das-criancas","category-infantojuvenil","tag-liev_illustrador","tag-amado-gato","tag-dia-das-criancas","tag-dia-do-professor","tag-edicoes-dionysius","tag-edicoes-sarue","tag-entrevista","tag-feliz","tag-lancamento","tag-livro-ilustrado","tag-papo-da-semana","tag-pre-venda","tag-rauer"],"_links":{"self":[{"href":"https:\/\/editorapangeia.com.br\/pt_br\/wp-json\/wp\/v2\/posts\/23151","targetHints":{"allow":["GET"]}}],"collection":[{"href":"https:\/\/editorapangeia.com.br\/pt_br\/wp-json\/wp\/v2\/posts"}],"about":[{"href":"https:\/\/editorapangeia.com.br\/pt_br\/wp-json\/wp\/v2\/types\/post"}],"author":[{"embeddable":true,"href":"https:\/\/editorapangeia.com.br\/pt_br\/wp-json\/wp\/v2\/users\/592"}],"replies":[{"embeddable":true,"href":"https:\/\/editorapangeia.com.br\/pt_br\/wp-json\/wp\/v2\/comments?post=23151"}],"version-history":[{"count":6,"href":"https:\/\/editorapangeia.com.br\/pt_br\/wp-json\/wp\/v2\/posts\/23151\/revisions"}],"predecessor-version":[{"id":23159,"href":"https:\/\/editorapangeia.com.br\/pt_br\/wp-json\/wp\/v2\/posts\/23151\/revisions\/23159"}],"wp:featuredmedia":[{"embeddable":true,"href":"https:\/\/editorapangeia.com.br\/pt_br\/wp-json\/wp\/v2\/media\/22511"}],"wp:attachment":[{"href":"https:\/\/editorapangeia.com.br\/pt_br\/wp-json\/wp\/v2\/media?parent=23151"}],"wp:term":[{"taxonomy":"category","embeddable":true,"href":"https:\/\/editorapangeia.com.br\/pt_br\/wp-json\/wp\/v2\/categories?post=23151"},{"taxonomy":"post_tag","embeddable":true,"href":"https:\/\/editorapangeia.com.br\/pt_br\/wp-json\/wp\/v2\/tags?post=23151"}],"curies":[{"name":"wp","href":"https:\/\/api.w.org\/{rel}","templated":true}]}}