{"id":21899,"date":"2026-05-01T16:03:41","date_gmt":"2026-05-01T16:03:41","guid":{"rendered":"https:\/\/editorapangeia.com.br\/?p=21899"},"modified":"2026-05-01T16:06:52","modified_gmt":"2026-05-01T16:06:52","slug":"sobre-a-graca-por-luiz-gonzaga-marchezan","status":"publish","type":"post","link":"https:\/\/editorapangeia.com.br\/pt_br\/sobre-a-graca-por-luiz-gonzaga-marchezan\/","title":{"rendered":"Sobre &#8220;A Gra\u00e7a&#8221;, por Luiz Gonzaga  Marchezan"},"content":{"rendered":"<p>Publicamos a seguir uma nova resenha do Prof. Zaga (o modo carinhoso pelo qual ele \u00e9 conhecido e invocado na \u00e1rea dos Estudos Liter\u00e1rios); neste texto, o Prof. aborda o filme <em><strong>A Gra\u00e7a<\/strong><\/em>, que se encontra em cartaz neste momento.<\/p>\n<blockquote>\n<p style=\"text-align: center;\">Sobre <em><strong>A Gra\u00e7a<\/strong><\/em><\/p>\n<\/blockquote>\n<p style=\"text-align: right;\"><strong>Luiz Gonzaga Marchezan *<\/strong><\/p>\n<p>No filme <em><strong>A gra\u00e7a<\/strong><\/em> (2025), de Paolo Sorrentino, a conduta pessoal do presidente da rep\u00fablica italiana, partid\u00e1rio da democracia crist\u00e3, mant\u00e9m-se muito pr\u00f3xima dos seus valores religiosos cat\u00f3licos que interferem frontalmente no ju\u00edzo de dois atos seus, presidenciais: o primeiro diante de indultos para homicidas e o segundo na regulamenta\u00e7\u00e3o da eutan\u00e1sia.<\/p>\n<p>A tend\u00eancia do presidente em se distanciar da ideia da gra\u00e7a para o perd\u00e3o ao homicida, como a de sancionar o direito do cidad\u00e3o italiano \u00e0 eutan\u00e1sia, aproxima-o, nos dois casos, de um entendimento jur\u00eddico subjugado pela vida religiosa cat\u00f3lica, que n\u00e3o aceita bem uma pol\u00edtica da lei relevar o pecado mortal de matar. Tal situa\u00e7\u00e3o move o presidente Mariano De Santis para um impasse e a protelar as duas san\u00e7\u00f5es.<\/p>\n<p>Acontece que, conforme a hist\u00f3ria do filme, o presidente da rep\u00fablica italiana tem responsabilidades com os cidad\u00e3os italianos e tem assessores, uma filha assessora, contr\u00e1rios aos valores religiosos inquestion\u00e1veis do mandat\u00e1rio.<\/p>\n<p>A filha do presidente, jurista como o pai, \u00e9 favor\u00e1vel ao indulto e \u00e0 eutan\u00e1sia. \u00c9 ela que o aproxima dos poss\u00edveis indultados por ele, fazendo-o conhec\u00ea-los na pris\u00e3o em que se encontram.<\/p>\n<p>Os prisioneiros esperam por uma gra\u00e7a, uma solu\u00e7\u00e3o; posicionam-se, inclusive, diante do seu presidente, momento em que, de acordo com a narrativa do filme, o presidente da It\u00e1lia compenetra-se profundamente diante dos casos em m\u00e3os, fazendo-se num igual aos favor\u00e1veis \u2013 filha, assessores de governo, apenados e, por extens\u00e3o, dos solicitantes pela eutan\u00e1sia.<\/p>\n<p>Isto porque, intimamente, diante de tudo o que escutara at\u00e9 ent\u00e3o, consegue, primeiro, o que o consome faz tempo: perdoar uma falta de sua esposa j\u00e1 falecida, o que lhe abre o caminho para, com a paz em seu esp\u00edrito, estender o gesto do perd\u00e3o como indulto e para a regulamenta\u00e7\u00e3o da eutan\u00e1sia no pa\u00eds.<\/p>\n<p>N\u00e3o h\u00e1 como n\u00e3o reconhecer, pelos nossos dias de sempre, que a vida religiosa interfere nos mais diversos ordenamentos da vida comum dominante. N\u00e3o h\u00e1 como n\u00e3o reconhecer tamb\u00e9m que na vida comum, a de cada um de n\u00f3s, a figura do nosso juiz oculto deixa de cumprir a condu\u00e7\u00e3o de dados processos emperrados em nossos tribunais interiores, onde protelamos nossos pr\u00f3prios julgamentos at\u00e9 que nos aconte\u00e7a uma dada epifania: uma revela\u00e7\u00e3o com uma solu\u00e7\u00e3o que recebemos bem para a vida.<\/p>\n<p><em><strong>A Gra\u00e7a<\/strong><\/em> (2025), filme de Paolo Sorrentino, \u00e9 um filme sobre os fortes.<\/p>\n<p style=\"text-align: right;\"><span style=\"color: #000000;\">* <a style=\"color: #000000;\" href=\"https:\/\/editorapangeia.com.br\/pt_br\/?s=Marchezan\"><span style=\"text-decoration: underline;\"><strong>Luiz Gonzaga Marchezan<\/strong><\/span><\/a><\/span><br \/>\ntem mestrado em Letras pela UNESP e doutorado<br \/>\nem Letras pela FFLCH \/ USP e \u00e9 professor<br \/>\naposentado Livre-Docente em Teoria da<br \/>\nLiteratura da FCl-Ar \/ UNESP.<br \/>\nSeus estudos focam as rela\u00e7\u00f5es intersemi\u00f3ticas<br \/>\nmanifestadas no texto liter\u00e1rio, especialmente no<br \/>\nconto contempor\u00e2neo e na fic\u00e7\u00e3o regionalista. Entre<br \/>\nos livros que publicou, organizou e de que participa,<br \/>\ndestacam-se <em><strong>Ermos e Gerais<\/strong>: contos goianos<\/em>,<br \/>\nde Bernardo \u00c9lis (org., apresenta\u00e7\u00e3o e notas,<br \/>\n2005), <em><strong>Faces do Narrador<\/strong><\/em>, em co-organiza\u00e7\u00e3o<br \/>\ncom Silvia Telarolli (estudos liter\u00e1rios, 2003) e<br \/>\n<span style=\"text-decoration: underline;\"><span style=\"color: #ff0000;\"><a style=\"color: #ff0000;\" href=\"https:\/\/editorapangeia.com.br\/pt_br\/product\/o-conto-na-modernidade-da-filosofia-a-composicao-epub-e-pdf\/\"><em><strong>O conto na modernidade: da filosofia<br \/>\n\u00e0 composi\u00e7\u00e3o<\/strong><\/em><\/a><\/span><\/span> (artigo, Editora Pangeia, 2022).<\/p>\n<p style=\"text-align: center;\"><strong>CONHE\u00c7A MAIS SOBRE O AUTOR,<\/strong><br \/>\n<strong>Luiz Gonzaga Marchezan,<\/strong><br \/>\n<span style=\"text-decoration: underline;\"><a href=\"https:\/\/editorapangeia.com.br\/pt_br\/?s=Marchezan\"><span style=\"color: #993366;\"><strong>CLICANDO AQUI !!!<\/strong><\/span><\/a><\/span><em><br \/>\n<\/em><\/p>\n<p style=\"text-align: center;\">AFINIDADES LITERA\u0301RIAS ENTRE MACHADO<br \/>\nDE ASSIS E EDGAR ALLAN POE<br \/>\nLuiz Gonzaga Marchezan<br \/>\n<span style=\"text-decoration: underline; color: #ff0000;\"><a style=\"color: #ff0000;\" href=\"https:\/\/editorapangeia.com.br\/pt_br\/product\/o-conto-na-modernidade-da-filosofia-a-composicao-epub-e-pdf\/\"><strong>NESTE LIVRO !!!<\/strong><\/a><\/span><\/p>\n","protected":false},"excerpt":{"rendered":"<p>Publicamos a seguir uma nova resenha do Prof. Zaga (o modo carinhoso pelo qual ele \u00e9 conhecido e invocado na \u00e1rea dos Estudos Liter\u00e1rios); neste texto, o Prof. aborda o filme A Gra\u00e7a, que se encontra em cartaz neste momento. Sobre A Gra\u00e7a Luiz Gonzaga Marchezan * No filme A gra\u00e7a (2025), de Paolo Sorrentino,&#8230;<\/p>\n","protected":false},"author":592,"featured_media":20448,"comment_status":"open","ping_status":"open","sticky":false,"template":"","format":"standard","meta":{"footnotes":""},"categories":[1099,320],"tags":[5466,98,5473,5474,2148,5468,400,5470,5469,5467,1054,1280,5472,5465,5471],"class_list":["post-21899","post","type-post","status-publish","format-standard","has-post-thumbnail","hentry","category-cinema","category-estudos-literarios","tag-a-graca","tag-cinema","tag-cinema-italiano","tag-em-cartaz","tag-epifania","tag-eutanasia","tag-filosofia","tag-graca-presidencial","tag-indulto-politico","tag-italia","tag-luiz-gonzaga-marchezan","tag-o-conto-na-modernidade","tag-prof-zaga","tag-sorrentino","tag-zaga"],"_links":{"self":[{"href":"https:\/\/editorapangeia.com.br\/pt_br\/wp-json\/wp\/v2\/posts\/21899","targetHints":{"allow":["GET"]}}],"collection":[{"href":"https:\/\/editorapangeia.com.br\/pt_br\/wp-json\/wp\/v2\/posts"}],"about":[{"href":"https:\/\/editorapangeia.com.br\/pt_br\/wp-json\/wp\/v2\/types\/post"}],"author":[{"embeddable":true,"href":"https:\/\/editorapangeia.com.br\/pt_br\/wp-json\/wp\/v2\/users\/592"}],"replies":[{"embeddable":true,"href":"https:\/\/editorapangeia.com.br\/pt_br\/wp-json\/wp\/v2\/comments?post=21899"}],"version-history":[{"count":3,"href":"https:\/\/editorapangeia.com.br\/pt_br\/wp-json\/wp\/v2\/posts\/21899\/revisions"}],"predecessor-version":[{"id":21902,"href":"https:\/\/editorapangeia.com.br\/pt_br\/wp-json\/wp\/v2\/posts\/21899\/revisions\/21902"}],"wp:featuredmedia":[{"embeddable":true,"href":"https:\/\/editorapangeia.com.br\/pt_br\/wp-json\/wp\/v2\/media\/20448"}],"wp:attachment":[{"href":"https:\/\/editorapangeia.com.br\/pt_br\/wp-json\/wp\/v2\/media?parent=21899"}],"wp:term":[{"taxonomy":"category","embeddable":true,"href":"https:\/\/editorapangeia.com.br\/pt_br\/wp-json\/wp\/v2\/categories?post=21899"},{"taxonomy":"post_tag","embeddable":true,"href":"https:\/\/editorapangeia.com.br\/pt_br\/wp-json\/wp\/v2\/tags?post=21899"}],"curies":[{"name":"wp","href":"https:\/\/api.w.org\/{rel}","templated":true}]}}