{"id":18465,"date":"2025-02-15T15:26:13","date_gmt":"2025-02-15T15:26:13","guid":{"rendered":"https:\/\/editorapangeia.com.br\/?p=18465"},"modified":"2025-05-14T14:20:57","modified_gmt":"2025-05-14T14:20:57","slug":"narrativas-de-emancipacao-edital","status":"publish","type":"post","link":"https:\/\/editorapangeia.com.br\/pt_br\/narrativas-de-emancipacao-edital\/","title":{"rendered":"NARRATIVAS DE EMANCIPA\u00c7\u00c3O &#8211; Edital"},"content":{"rendered":"<p style=\"font-weight: 400; text-align: left;\"><span style=\"color: #ff0000;\"><b>NARRATIVAS DE EMANCIPA\u00c7\u00c3O:<br \/>\n<\/b><\/span><\/p>\n<p style=\"font-weight: 400; text-align: center;\"><span style=\"color: #ff0000;\"><b>pequenas est\u00f3rias<\/b><\/span><br \/>\n<span style=\"color: #ff0000;\"><b>EDITAL<\/b><\/span><\/p>\n<p style=\"font-weight: 400;\">A PANGEIA EDITORIAL estabelece esta chamada p\u00fablica, aberta e universal para escritores brasileiros residentes no Brasil visando a sele\u00e7\u00e3o de narrativas curtas para a colet\u00e2nea<\/p>\n<p style=\"font-weight: 400; text-align: center;\"><span style=\"color: #ff0000;\"><em><strong>Narrativas de Emancipa\u00e7\u00e3o: pequenas est\u00f3rias<\/strong><\/em>.<\/span><\/p>\n<p style=\"font-weight: 400;\">Organizam o volume o professor e escritor Rauer Ribeiro Rodrigues, autor de diversos livros individuais, coorganizador de diversas colet\u00e2neas acad\u00eamicas e organizador ou coorganizador de diversos volumes oriundos de concursos (ver <span style=\"color: #993366;\"><strong><a style=\"color: #993366;\" href=\"https:\/\/editorapangeia.com.br\/pt_br\/?s=Rauer\">AQUI<\/a><\/strong><\/span>), e a escritora Vanessa Cristina Dias de Souza, pesquisadora e autora do livro <strong><em>Giras e Identidade Negra: Narrativas de Emancipa\u00e7\u00e3o<\/em><\/strong> (ver <span style=\"color: #993366;\"><strong><a style=\"color: #993366;\" href=\"https:\/\/editorapangeia.com.br\/pt_br\/?s=Vanessa\">AQUI<\/a><\/strong><\/span>).<\/p>\n<p style=\"font-weight: 400;\">Al\u00e9m da concorr\u00eancia ampla, se julgarem oportuno, os organizadores podem convidar narradoras e narradores reconhecidos para integrar o volume.<\/p>\n<p style=\"text-align: center;\"><img loading=\"lazy\" decoding=\"async\" class=\"alignnone  wp-image-18468\" src=\"http:\/\/editorapangeia.com.br\/wp-content\/uploads\/2025\/02\/Narrativas-Emancipacao-300x300.png\" alt=\"\" width=\"474\" height=\"474\" srcset=\"https:\/\/editorapangeia.com.br\/wp-content\/uploads\/2025\/02\/Narrativas-Emancipacao-300x300.png 300w, https:\/\/editorapangeia.com.br\/wp-content\/uploads\/2025\/02\/Narrativas-Emancipacao-1024x1024.png 1024w, https:\/\/editorapangeia.com.br\/wp-content\/uploads\/2025\/02\/Narrativas-Emancipacao-150x150.png 150w, https:\/\/editorapangeia.com.br\/wp-content\/uploads\/2025\/02\/Narrativas-Emancipacao-768x768.png 768w, https:\/\/editorapangeia.com.br\/wp-content\/uploads\/2025\/02\/Narrativas-Emancipacao-12x12.png 12w, https:\/\/editorapangeia.com.br\/wp-content\/uploads\/2025\/02\/Narrativas-Emancipacao-400x400.png 400w, https:\/\/editorapangeia.com.br\/wp-content\/uploads\/2025\/02\/Narrativas-Emancipacao-700x700.png 700w, https:\/\/editorapangeia.com.br\/wp-content\/uploads\/2025\/02\/Narrativas-Emancipacao-100x100.png 100w, https:\/\/editorapangeia.com.br\/wp-content\/uploads\/2025\/02\/Narrativas-Emancipacao-50x50.png 50w, https:\/\/editorapangeia.com.br\/wp-content\/uploads\/2025\/02\/Narrativas-Emancipacao.png 1080w\" sizes=\"auto, (max-width: 474px) 100vw, 474px\" \/><\/p>\n<p style=\"font-weight: 400; text-align: center;\">* * *<\/p>\n<ol>\n<li style=\"font-weight: 400;\"><b> Condi\u00e7\u00f5es de participa\u00e7\u00e3o<\/b>:<br \/>\n\u2022 Cada participante deve enviar uma <strong>narrativa de emancipa\u00e7\u00e3o<\/strong> <strong>in\u00e9dita<\/strong>, de sua autoria, submetida com utiliza\u00e7\u00e3o de pseud\u00f4nimo, escrita em l\u00edngua portuguesa;<\/li>\n<\/ol>\n<ul>\n<li style=\"font-weight: 400;\">Caso o autor envie duas narrativas, ser\u00e1 avaliada somente a do \u00faltimo e-mail;<\/li>\n<li style=\"font-weight: 400;\">A narrativa <b>deve permanecer in\u00e9dita at\u00e9 a publica\u00e7\u00e3o do livro<\/b>, inclusive em redes sociais dos autores;<\/li>\n<li style=\"font-weight: 400;\"><strong>LIMITE: <\/strong>a narrativa deve ter <strong>no m\u00e1ximo<\/strong> <strong>1456 caracteres + espa\u00e7os <\/strong>ou, em caso de di\u00e1logo ou linhas curtas, <strong>no m\u00e1ximo 40 linhas<\/strong>;<\/li>\n<li style=\"font-weight: 400;\">A <strong>minibio<\/strong> deve ter <strong>no m\u00e1ximo 320 caracteres + espa\u00e7os<\/strong> \u2013 ela ser\u00e1 editada para o livro;<\/li>\n<li style=\"font-weight: 400;\">Para os efeitos desta Sele\u00e7\u00e3o, entende-se por <strong><em>Narrativa de Emancipa\u00e7\u00e3o<\/em><\/strong> toda e qualquer narrativa que apresente uma hist\u00f3ria ou uma est\u00f3ria, ou que compartilhe uma experi\u00eancia vivida pela narradora\/narrador na busca e reconstru\u00e7\u00e3o de identidades negras, ind\u00edgenas e\/ou diversas, perif\u00e9ricas, subalternizadas, marginalizadas;<\/li>\n<li style=\"font-weight: 400;\">Ser\u00e3o aceitas narrativas memorial\u00edsticas, biogr\u00e1ficas e\/ou autobiogr\u00e1ficas, de autofic\u00e7\u00e3o, de escreviv\u00eancia ou similar, com mescla de g\u00eaneros ou que pare\u00e7a ficcional, mas que seja uma pequena est\u00f3ria que se constitua em <span style=\"color: #ff0000;\"><strong><em>Narrativa de Emancipa\u00e7\u00e3o<\/em><\/strong><\/span>;<\/li>\n<li style=\"font-weight: 400;\">As narrativas podem ser apresentadas em l\u00ednguas origin\u00e1rias ancestrais africanas, ind\u00edgenas ou de outra origem, com a correspondente vers\u00e3o em l\u00edngua portuguesa;<\/li>\n<li style=\"font-weight: 400;\">Autores menores de idade devem tamb\u00e9m enviar autoriza\u00e7\u00e3o espec\u00edfica de maior respons\u00e1vel;<br \/>\n\u2022 O envio da narrativa nas normas definidas neste Edital <span style=\"color: #993366;\"><b>configura autoriza\u00e7\u00e3o de publica\u00e7\u00e3o e concord\u00e2ncia com as regras aqui definidas<\/b><\/span>.<\/li>\n<\/ul>\n<p style=\"font-weight: 400; text-align: center;\">* * *<\/p>\n<ol start=\"2\">\n<li style=\"font-weight: 400;\"><b> Inscri\u00e7\u00e3o<\/b>:<br \/>\n\u2022 A inscri\u00e7\u00e3o deve ser feita exclusivamente por meio eletr\u00f4nico e enviada para o e-mail &lt;<strong><a href=\"mailto:publiqueconosco@editorapangeia.com.br\">publiqueconosco@editorapangeia.com.br<\/a><\/strong>&gt; at\u00e9 o dia <b>15 de maio de 2025<\/b>;<\/li>\n<\/ol>\n<ul>\n<li style=\"font-weight: 400;\">No campo \u201cAssunto\u201d deve constar:<\/li>\n<\/ul>\n<p style=\"text-align: center;\"><span style=\"color: #993300;\"><b>Narrativas de Emancipa\u00e7\u00e3o: [pseud\u00f4nimo utilizado]<\/b><\/span>;<\/p>\n<ul>\n<li style=\"font-weight: 400;\">No e-mail, dever\u00e3o ser anexados:<br \/>\n\u2013 RG (ou CNH);<br \/>\n\u2013 CPF (caso o documento anterior n\u00e3o o informe);<br \/>\n\u2013 Comprovante de endere\u00e7o residencial;<br \/>\n\u2013 Foto recente de boa qualidade, para poss\u00edvel utiliza\u00e7\u00e3o em p\/b no livro;<br \/>\n\u2013 Minibiografia com o nome completo, nome liter\u00e1rio, pseud\u00f4nimo utilizado, e-mail, telefone(s) \/ WhastsApp para contato e endere\u00e7os das redes sociais em que o autor tem perfil;<br \/>\n\u2013 Uma <span style=\"color: #ff0000;\"><strong><em>Narrativa de Emancipa\u00e7\u00e3o<\/em><\/strong><\/span> em Word, observados os limites m\u00e1ximos indicados, <strong>assinada com o pseud\u00f4nimo escolhido<\/strong> \u2013 <strong>sem nada que identifique autoria<\/strong>;<\/li>\n<\/ul>\n<p style=\"font-weight: 400; padding-left: 40px;\">\u2013 A narrativa ser\u00e1 publicada com o nome liter\u00e1rio;<br \/>\n\u2022 Em caso de envio de mais de um e-mail, a organiza\u00e7\u00e3o considerar\u00e1 apenas o \u00faltimo e-mail, nele devendo constar todos os documentos acima elencados;<\/p>\n<ul>\n<li style=\"font-weight: 400;\">A n\u00e3o observ\u00e2ncia dos crit\u00e9rios estabelecidos elimina o concorrente do processo.<\/li>\n<\/ul>\n<p style=\"font-weight: 400; text-align: center;\">* * *<\/p>\n<ol start=\"3\">\n<li style=\"font-weight: 400;\"><b> Avalia\u00e7\u00e3o e Sele\u00e7\u00e3o<\/b>:<br \/>\n\u2022 As <span style=\"color: #ff0000;\"><strong><em>Narrativas de Emancipa\u00e7\u00e3o<\/em><\/strong><\/span> ser\u00e3o selecionadas por uma Comiss\u00e3o Avaliadora escolhida pela Pangeia Editorial \/ Edi\u00e7\u00f5es Dionysius (o selo de literatura da Pangeia), ouvidos os organizadores;<br \/>\n\u2022 A Comiss\u00e3o Avaliadora <b>n\u00e3o ter\u00e1 acesso nem informa\u00e7\u00e3o quanto \u00e0 identidade dos candidatos concorrentes<\/b><b>.<\/b><\/li>\n<\/ol>\n<p style=\"font-weight: 400; text-align: center;\">* * *<\/p>\n<ol start=\"4\">\n<li style=\"font-weight: 400;\"><b> Publica\u00e7\u00e3o<\/b>:<br \/>\n\u2022 Os autores selecionados ter\u00e3o a publica\u00e7\u00e3o gratuita de sua <strong><em>Narrativa de Emancipa\u00e7\u00e3o<\/em><\/strong>, com a minibiografia e foto enviadas no ato da inscri\u00e7\u00e3o;<br \/>\n\u2022 A t\u00edtulo de direitos autorais da primeira edi\u00e7\u00e3o do livro, cada autor selecionado ou convidado <b>receber\u00e1 UM exemplar do livro impresso<\/b>, um arquivo ePub e um arquivo pdf da obra;<br \/>\n\u2022 Caso haja reedi\u00e7\u00f5es ou reimpress\u00f5es do livro no prazo de at\u00e9 cinco anos ap\u00f3s a primeira edi\u00e7\u00e3o, cada autor receber\u00e1 os arquivos PDF e ePub das reedi\u00e7\u00f5es ou das reimpress\u00f5es.<\/li>\n<\/ol>\n<p style=\"font-weight: 400; text-align: center;\">* * *<\/p>\n<ol start=\"5\">\n<li style=\"font-weight: 400;\"><b> Disposi\u00e7\u00f5es Gerais<\/b>:<br \/>\n\u2022 A inscri\u00e7\u00e3o para a Sele\u00e7\u00e3o do livro <b><em><span style=\"color: #ff0000;\">Narrativas de Emancipa\u00e7\u00e3o: pequenas est\u00f3rias<\/span> <\/em><\/b>\u00e9 gratuita;<br \/>\n\u2022 A publica\u00e7\u00e3o do livro ser\u00e1 custeada pela Pangeia Editorial sem nenhum custo para os autores selecionados;<br \/>\n\u2022 N\u00e3o haver\u00e1 pedido de compra m\u00ednima de exemplares;<br \/>\n\u2022 N\u00e3o haver\u00e1 exig\u00eancia de comparecimento ao lan\u00e7amento, que \u2013 se houver \u2013 ser\u00e1 em data e local definidos pela Editora, possivelmente entre os dias 15 e 30 de Novembro de 2025 e provavelmente na cidade de Campinas, SP;<br \/>\n\u2022 As informa\u00e7\u00f5es <b>sobre o concurso ser\u00e3o divulgadas no Blog da Pangeia Editorial e nas redes sociais de seus selos<\/b>, em particular no Instagram: @pangeiaeditora \u2013 @edicoes.dionysius \u2013 @edicoes.sarue \u2013 @eu.professor.pangeia \u2013 @haikai.brasil.<\/li>\n<\/ol>\n<p style=\"font-weight: 400; text-align: center;\"><strong>O resultado do Concurso deve ser divulgado<br \/>\nat\u00e9 o dia 1\u00ba de Agosto de 2025.<\/strong><\/p>\n<p style=\"font-weight: 400; text-align: right;\">Pangeia Editorial Ltda., 15 de fevereiro de 2025.<br \/>\nRauer Ribeiro Rodrigues<br \/>\nVanessa Dias<br \/>\n(Orgs.)<\/p>\n","protected":false},"excerpt":{"rendered":"<p>NARRATIVAS DE EMANCIPA\u00c7\u00c3O: pequenas est\u00f3rias EDITAL A PANGEIA EDITORIAL estabelece esta chamada p\u00fablica, aberta e universal para escritores brasileiros residentes no Brasil visando a sele\u00e7\u00e3o de narrativas curtas para a colet\u00e2nea Narrativas de Emancipa\u00e7\u00e3o: pequenas est\u00f3rias. Organizam o volume o professor e escritor Rauer Ribeiro Rodrigues, autor de diversos livros individuais, coorganizador de diversas colet\u00e2neas&#8230;<\/p>\n","protected":false},"author":592,"featured_media":0,"comment_status":"open","ping_status":"open","sticky":false,"template":"","format":"standard","meta":{"footnotes":""},"categories":[405,2545],"tags":[4236,1401,537,4232,4231,3861,409,4239,2972,2973,245,408,4223,1542,4233,4222,86,4242,1402,4237,3870,4238,4228,87,1300,4234,4229,4218,4224,4219,4230,4220,4227,300,4221,327,4240,4235,4225,179,872,4226,3145,4241],"class_list":["post-18465","post","type-post","status-publish","format-standard","hentry","category-concurso","category-literatura","tag-pangeiaeditora","tag-ancestralidade","tag-autobiografia","tag-autoficcao","tag-biografias","tag-coletanea","tag-concurso","tag-concurso-academico","tag-concurso-literario","tag-concurso-pangeia","tag-edicoes-dionysius","tag-edital","tag-edital-de-concurso","tag-emancipacao","tag-escrevivencia","tag-estorias","tag-ficcao","tag-giras-e-identidade-negra","tag-identidade","tag-identidade-indigena","tag-identidade-negra","tag-identidades","tag-indigena","tag-literatura","tag-memorias","tag-mescla-de-generos","tag-minorias","tag-narrativa","tag-narrativa-curta","tag-narrativa-de-emancipacao","tag-narrativa-inedita","tag-narrativas-de-emancipacao-pequenas-estorias","tag-negra","tag-pangeia-editorial","tag-pequenas-estorias","tag-poesia","tag-publique-na-pangeia","tag-publiqueconoscoeditorapangeia-com-br","tag-raueer-ribeiro-rodrigues","tag-rauer","tag-rauer-rodrigues","tag-vanessa-cristina-dias-de-souza","tag-vanessa-dias","tag-vanessinha"],"_links":{"self":[{"href":"https:\/\/editorapangeia.com.br\/pt_br\/wp-json\/wp\/v2\/posts\/18465","targetHints":{"allow":["GET"]}}],"collection":[{"href":"https:\/\/editorapangeia.com.br\/pt_br\/wp-json\/wp\/v2\/posts"}],"about":[{"href":"https:\/\/editorapangeia.com.br\/pt_br\/wp-json\/wp\/v2\/types\/post"}],"author":[{"embeddable":true,"href":"https:\/\/editorapangeia.com.br\/pt_br\/wp-json\/wp\/v2\/users\/592"}],"replies":[{"embeddable":true,"href":"https:\/\/editorapangeia.com.br\/pt_br\/wp-json\/wp\/v2\/comments?post=18465"}],"version-history":[{"count":5,"href":"https:\/\/editorapangeia.com.br\/pt_br\/wp-json\/wp\/v2\/posts\/18465\/revisions"}],"predecessor-version":[{"id":19191,"href":"https:\/\/editorapangeia.com.br\/pt_br\/wp-json\/wp\/v2\/posts\/18465\/revisions\/19191"}],"wp:attachment":[{"href":"https:\/\/editorapangeia.com.br\/pt_br\/wp-json\/wp\/v2\/media?parent=18465"}],"wp:term":[{"taxonomy":"category","embeddable":true,"href":"https:\/\/editorapangeia.com.br\/pt_br\/wp-json\/wp\/v2\/categories?post=18465"},{"taxonomy":"post_tag","embeddable":true,"href":"https:\/\/editorapangeia.com.br\/pt_br\/wp-json\/wp\/v2\/tags?post=18465"}],"curies":[{"name":"wp","href":"https:\/\/api.w.org\/{rel}","templated":true}]}}